{"id":4653,"date":"2025-12-21T11:47:43","date_gmt":"2025-12-21T10:47:43","guid":{"rendered":"https:\/\/acm-aerospace.com\/?p=4653"},"modified":"2026-04-13T11:17:58","modified_gmt":"2026-04-13T09:17:58","slug":"senserest-brings-wellness-to-aircraft-cabins","status":"publish","type":"post","link":"https:\/\/acm-aerospace.com\/en\/2025\/12\/21\/senserest-bringt-wellness-in-flugzeugkabinen\/","title":{"rendered":"senseRest Brings Wellness To Aircraft Cabins"},"content":{"rendered":"<div class=\"shariff shariff-align-left shariff-widget-align-left\"><div class=\"ShariffHeadline\">Share post<\/div><ul class=\"shariff-buttons theme-white orientation-horizontal buttonsize-medium\"><li class=\"shariff-button facebook shariff-nocustomcolor\" style=\"background-color:#4273c8\"><a href=\"https:\/\/www.facebook.com\/sharer\/sharer.php?u=https%3A%2F%2Facm-aerospace.com%2Fen%2F2025%2F12%2F21%2Fsenserest-bringt-wellness-in-flugzeugkabinen%2F\" title=\"Bei Facebook teilen\" aria-label=\"Bei Facebook teilen\" role=\"button\" rel=\"nofollow\" class=\"shariff-link\" style=\"; background-color:#3b5998; color:#3b5998\" target=\"_blank\"><span class=\"shariff-icon\" style=\"fill:#3b5998\"><svg width=\"32px\" height=\"20px\" xmlns=\"http:\/\/www.w3.org\/2000\/svg\" viewbox=\"0 0 18 32\"><path fill=\"#3b5998\" d=\"M17.1 0.2v4.7h-2.8q-1.5 0-2.1 0.6t-0.5 1.9v3.4h5.2l-0.7 5.3h-4.5v13.6h-5.5v-13.6h-4.5v-5.3h4.5v-3.9q0-3.3 1.9-5.2t5-1.8q2.6 0 4.1 0.2z\"\/><\/svg><\/span><span class=\"shariff-text\" style=\"color:#3b5998\">share<\/span>&nbsp;<\/a><\/li><li class=\"shariff-button twitter shariff-nocustomcolor\" style=\"background-color:#595959\"><a href=\"https:\/\/twitter.com\/share?url=https%3A%2F%2Facm-aerospace.com%2Fen%2F2025%2F12%2F21%2Fsenserest-bringt-wellness-in-flugzeugkabinen%2F&text=senseRest%20bringt%20Wellness%20in%20Flugzeugkabinen\" title=\"Bei X teilen\" aria-label=\"Bei X teilen\" role=\"button\" rel=\"noopener nofollow\" class=\"shariff-link\" style=\"; background-color:#000; color:#000\" target=\"_blank\"><span class=\"shariff-icon\" style=\"fill:#000\"><svg width=\"32px\" height=\"20px\" xmlns=\"http:\/\/www.w3.org\/2000\/svg\" viewbox=\"0 0 24 24\"><path fill=\"#000\" d=\"M14.258 10.152L23.176 0h-2.113l-7.747 8.813L7.133 0H0l9.352 13.328L0 23.973h2.113l8.176-9.309 6.531 9.309h7.133zm-2.895 3.293l-.949-1.328L2.875 1.56h3.246l6.086 8.523.945 1.328 7.91 11.078h-3.246zm0 0\"\/><\/svg><\/span><span class=\"shariff-text\" style=\"color:#000\">share<\/span>&nbsp;<\/a><\/li><li class=\"shariff-button linkedin shariff-nocustomcolor\" style=\"background-color:#1488bf\"><a href=\"https:\/\/www.linkedin.com\/sharing\/share-offsite\/?url=https%3A%2F%2Facm-aerospace.com%2Fen%2F2025%2F12%2F21%2Fsenserest-bringt-wellness-in-flugzeugkabinen%2F\" title=\"Bei LinkedIn teilen\" aria-label=\"Bei LinkedIn teilen\" role=\"button\" rel=\"noopener nofollow\" class=\"shariff-link\" style=\"; background-color:#0077b5; color:#0077b5\" target=\"_blank\"><span class=\"shariff-icon\" style=\"fill:#0077b5\"><svg width=\"32px\" height=\"20px\" xmlns=\"http:\/\/www.w3.org\/2000\/svg\" viewbox=\"0 0 27 32\"><path fill=\"#0077b5\" d=\"M6.2 11.2v17.7h-5.9v-17.7h5.9zM6.6 5.7q0 1.3-0.9 2.2t-2.4 0.9h0q-1.5 0-2.4-0.9t-0.9-2.2 0.9-2.2 2.4-0.9 2.4 0.9 0.9 2.2zM27.4 18.7v10.1h-5.9v-9.5q0-1.9-0.7-2.9t-2.3-1.1q-1.1 0-1.9 0.6t-1.2 1.5q-0.2 0.5-0.2 1.4v9.9h-5.9q0-7.1 0-11.6t0-5.3l0-0.9h5.9v2.6h0q0.4-0.6 0.7-1t1-0.9 1.6-0.8 2-0.3q3 0 4.9 2t1.9 6z\"\/><\/svg><\/span><span class=\"shariff-text\" style=\"color:#0077b5\">share<\/span>&nbsp;<\/a><\/li><li class=\"shariff-button pinterest shariff-nocustomcolor\" style=\"background-color:#e70f18\"><a href=\"https:\/\/www.pinterest.com\/pin\/create\/link\/?url=https%3A%2F%2Facm-aerospace.com%2Fen%2F2025%2F12%2F21%2Fsenserest-bringt-wellness-in-flugzeugkabinen%2F&media=https%3A%2F%2Facm-aerospace.com%2Fwp-content%2Fuploads%2F2025%2F12%2Facm_aerospace_senserest_mattress.png&description=senseRest%20bringt%20Wellness%20in%20Flugzeugkabinen\" title=\"Bei Pinterest pinnen\" aria-label=\"Bei Pinterest pinnen\" role=\"button\" rel=\"noopener nofollow\" class=\"shariff-link\" style=\"; background-color:#cb2027; color:#cb2027\" target=\"_blank\"><span class=\"shariff-icon\" style=\"fill:#cb2027\"><svg width=\"32px\" height=\"20px\" xmlns=\"http:\/\/www.w3.org\/2000\/svg\" viewbox=\"0 0 27 32\"><path fill=\"#cb2027\" d=\"M27.4 16q0 3.7-1.8 6.9t-5 5-6.9 1.9q-2 0-3.9-0.6 1.1-1.7 1.4-2.9 0.2-0.6 1-3.8 0.4 0.7 1.3 1.2t2 0.5q2.1 0 3.8-1.2t2.7-3.4 0.9-4.8q0-2-1.1-3.8t-3.1-2.9-4.5-1.2q-1.9 0-3.5 0.5t-2.8 1.4-2 2-1.2 2.3-0.4 2.4q0 1.9 0.7 3.3t2.1 2q0.5 0.2 0.7-0.4 0-0.1 0.1-0.5t0.2-0.5q0.1-0.4-0.2-0.8-0.9-1.1-0.9-2.7 0-2.7 1.9-4.6t4.9-2q2.7 0 4.2 1.5t1.5 3.8q0 3-1.2 5.2t-3.1 2.1q-1.1 0-1.7-0.8t-0.4-1.9q0.1-0.6 0.5-1.7t0.5-1.8 0.2-1.4q0-0.9-0.5-1.5t-1.4-0.6q-1.1 0-1.9 1t-0.8 2.6q0 1.3 0.4 2.2l-1.8 7.5q-0.3 1.2-0.2 3.2-3.7-1.6-6-5t-2.3-7.6q0-3.7 1.9-6.9t5-5 6.9-1.9 6.9 1.9 5 5 1.8 6.9z\"\/><\/svg><\/span><span class=\"shariff-text\" style=\"color:#cb2027\">pin it<\/span>&nbsp;<\/a><\/li><li class=\"shariff-button xing shariff-nocustomcolor\" style=\"background-color:#29888a\"><a href=\"https:\/\/www.xing.com\/spi\/shares\/new?url=https%3A%2F%2Facm-aerospace.com%2Fen%2F2025%2F12%2F21%2Fsenserest-bringt-wellness-in-flugzeugkabinen%2F\" title=\"Bei XING teilen\" aria-label=\"Bei XING teilen\" role=\"button\" rel=\"noopener nofollow\" class=\"shariff-link\" style=\"; background-color:#126567; color:#126567\" target=\"_blank\"><span class=\"shariff-icon\" style=\"fill:#126567\"><svg width=\"32px\" height=\"20px\" xmlns=\"http:\/\/www.w3.org\/2000\/svg\" viewbox=\"0 0 25 32\"><path fill=\"#126567\" d=\"M10.7 11.9q-0.2 0.3-4.6 8.2-0.5 0.8-1.2 0.8h-4.3q-0.4 0-0.5-0.3t0-0.6l4.5-8q0 0 0 0l-2.9-5q-0.2-0.4 0-0.7 0.2-0.3 0.5-0.3h4.3q0.7 0 1.2 0.8zM25.1 0.4q0.2 0.3 0 0.7l-9.4 16.7 6 11q0.2 0.4 0 0.6-0.2 0.3-0.6 0.3h-4.3q-0.7 0-1.2-0.8l-6-11.1q0.3-0.6 9.5-16.8 0.4-0.8 1.2-0.8h4.3q0.4 0 0.5 0.3z\"\/><\/svg><\/span><span class=\"shariff-text\" style=\"color:#126567\">share<\/span>&nbsp;<\/a><\/li><li class=\"shariff-button mailto shariff-nocustomcolor\" style=\"background-color:#a8a8a8\"><a href=\"mailto:?body=https%3A%2F%2Facm-aerospace.com%2Fen%2F2025%2F12%2F21%2Fsenserest-bringt-wellness-in-flugzeugkabinen%2F&subject=senseRest%20bringt%20Wellness%20in%20Flugzeugkabinen\" title=\"Per E-Mail versenden\" aria-label=\"Per E-Mail versenden\" role=\"button\" rel=\"noopener nofollow\" class=\"shariff-link\" style=\"; background-color:#999; color:#999\"><span class=\"shariff-icon\" style=\"fill:#999\"><svg width=\"32px\" height=\"20px\" xmlns=\"http:\/\/www.w3.org\/2000\/svg\" viewbox=\"0 0 32 32\"><path fill=\"#999\" d=\"M32 12.7v14.2q0 1.2-0.8 2t-2 0.9h-26.3q-1.2 0-2-0.9t-0.8-2v-14.2q0.8 0.9 1.8 1.6 6.5 4.4 8.9 6.1 1 0.8 1.6 1.2t1.7 0.9 2 0.4h0.1q0.9 0 2-0.4t1.7-0.9 1.6-1.2q3-2.2 8.9-6.1 1-0.7 1.8-1.6zM32 7.4q0 1.4-0.9 2.7t-2.2 2.2q-6.7 4.7-8.4 5.8-0.2 0.1-0.7 0.5t-1 0.7-0.9 0.6-1.1 0.5-0.9 0.2h-0.1q-0.4 0-0.9-0.2t-1.1-0.5-0.9-0.6-1-0.7-0.7-0.5q-1.6-1.1-4.7-3.2t-3.6-2.6q-1.1-0.7-2.1-2t-1-2.5q0-1.4 0.7-2.3t2.1-0.9h26.3q1.2 0 2 0.8t0.9 2z\"\/><\/svg><\/span><span class=\"shariff-text\" style=\"color:#999\">Email<\/span>&nbsp;<\/a><\/li><\/ul><\/div>\n<p><strong>ACM Aerospace is proud to announce the launch of senseRest, a revolutionary in-flight wellbeing solution designed for premium airline cabins. senseRest is based on a soft, aviation-ready mattress that can be easily placed on existing premium seats, providing passengers with enhanced comfort, real-time monitoring, and personalized feedback, without any cabin modifications.<\/strong><\/p>\n\n\n\n<p>The mattress integrates innovative textile-embedded sensors to continuously monitor vital parameters such as heart rate and stress levels. Passengers receive personalized recommendations via an intuitive app, allowing them to optimize relaxation, sleep, and overall wellbeing during the flight.<\/p>\n\n\n\n<p>\"With senseRest, we are redefining the premium passenger experience by combining comfort, technology, and health monitoring in one simple solution,\" said Roger Hohl, Managing Director of ACM Aerospace. \"The mattress-based design allows airlines to integrate senseRest seamlessly into their cabins, whether for new aircraft or retrofit programs.\"<\/p>\n\n\n\n<p><strong>Key Features of senseRest<\/strong><\/p>\n\n\n\n<ul class=\"wp-block-list\">\n<li>Mattress-Based Comfort: Easily placed on premium seats, no structural changes required<\/li>\n\n\n\n<li>Real-Time Vital Monitoring: Provides actionable insights to improve passenger wellbeing<\/li>\n\n\n\n<li>User-Friendly App Control: Intuitive interaction via passengers\u2019 devices<\/li>\n\n\n\n<li>Scalable Solution: Rapid deployment across airline fleets<\/li>\n<\/ul>\n\n\n\n<p><strong>Industry Recognition<\/strong><br>senseRest has been shortlisted for the Cristal Cabin Award 2026 by the Aircraft Interiors Expo (AIX), highlighting its innovation and impact on the future of in-flight wellbeing. ACM Aerospace continues to lead in aviation innovation, delivering solutions that enhance operational efficiency and elevate passenger experience.<\/p>","protected":false},"excerpt":{"rendered":"<p>ACM Aerospace freut sich, die Einf\u00fchrung von senseRest bekannt zu geben, einer revolution\u00e4ren In-Flight-Wellbeing-L\u00f6sung f\u00fcr Premium-Flugzeugkabinen. senseRest basiert auf einer weichen, luftfahrttauglichen Matratze, die einfach auf vorhandene Premium-Sitze gelegt werden&hellip;<\/p>","protected":false},"author":4,"featured_media":4648,"comment_status":"open","ping_status":"open","sticky":false,"template":"","format":"standard","meta":{"_eb_attr":"","footnotes":""},"categories":[116],"tags":[1388,1387],"class_list":["post-4653","post","type-post","status-publish","format-standard","has-post-thumbnail","hentry","category-news","tag-rest","tag-sense"],"yoast_head":"<!-- This site is optimized with the Yoast SEO Premium plugin v15.2 - https:\/\/yoast.com\/wordpress\/plugins\/seo\/ -->\n<title>senseRest bringt Wellness in Flugzeugkabinen | Aircraft Cabin Modification GmbH | ACM Aerospace<\/title>\n<meta name=\"robots\" content=\"index, follow, max-snippet:-1, max-image-preview:large, max-video-preview:-1\" \/>\n<link rel=\"canonical\" href=\"https:\/\/acm-aerospace.com\/en\/2025\/12\/21\/senserest-brings-wellness-to-aircraft-cabins\/\" \/>\n<meta property=\"og:locale\" content=\"en_US\" \/>\n<meta property=\"og:type\" content=\"article\" \/>\n<meta property=\"og:title\" content=\"senseRest bringt Wellness in Flugzeugkabinen | Aircraft Cabin Modification GmbH | ACM Aerospace\" \/>\n<meta property=\"og:description\" content=\"ACM Aerospace freut sich, die Einf\u00fchrung von senseRest bekannt zu geben, einer revolution\u00e4ren In-Flight-Wellbeing-L\u00f6sung f\u00fcr Premium-Flugzeugkabinen. senseRest basiert auf einer weichen, luftfahrttauglichen Matratze, die einfach auf vorhandene Premium-Sitze gelegt werden&hellip;\" \/>\n<meta property=\"og:url\" content=\"https:\/\/acm-aerospace.com\/en\/2025\/12\/21\/senserest-brings-wellness-to-aircraft-cabins\/\" \/>\n<meta property=\"og:site_name\" content=\"Aircraft Cabin Modification GmbH | ACM Aerospace\" \/>\n<meta property=\"article:publisher\" content=\"https:\/\/www.facebook.com\/aircraftcabinmodification\/\" \/>\n<meta property=\"article:published_time\" content=\"2025-12-21T10:47:43+00:00\" \/>\n<meta property=\"article:modified_time\" content=\"2026-04-13T09:17:58+00:00\" \/>\n<meta property=\"og:image\" content=\"https:\/\/acm-aerospace.com\/wp-content\/uploads\/2025\/12\/acm_aerospace_senserest_mattress-1024x576.png\" \/>\n\t<meta property=\"og:image:width\" content=\"1024\" \/>\n\t<meta property=\"og:image:height\" content=\"576\" \/>\n<meta name=\"twitter:card\" content=\"summary_large_image\" \/>\n<meta name=\"twitter:creator\" content=\"@acmaerospace\" \/>\n<meta name=\"twitter:site\" content=\"@acmaerospace\" \/>\n<meta name=\"twitter:label1\" value=\"Written by\">\n\t<meta name=\"twitter:data1\" value=\"Roger Hohl\">\n\t<meta name=\"twitter:label2\" value=\"Est. reading time\">\n\t<meta name=\"twitter:data2\" value=\"1 minute\">\n<script type=\"application\/ld+json\" class=\"yoast-schema-graph\">{\"@context\":\"https:\/\/schema.org\",\"@graph\":[{\"@type\":\"Organization\",\"@id\":\"https:\/\/acm-aerospace.com\/#organization\",\"name\":\"ACM Aerospace\",\"url\":\"https:\/\/acm-aerospace.com\/\",\"sameAs\":[\"https:\/\/www.facebook.com\/aircraftcabinmodification\/\",\"https:\/\/www.instagram.com\/aircraftcabinmodification\/?hl=de\",\"https:\/\/www.linkedin.com\/company\/aircraft-cabin-maintenance-gmbh\",\"https:\/\/www.youtube.com\/channel\/UCDBNc9DFtwWaDQejIqn1WmA\",\"https:\/\/twitter.com\/acmaerospace\"],\"logo\":{\"@type\":\"ImageObject\",\"@id\":\"https:\/\/acm-aerospace.com\/#logo\",\"inLanguage\":\"en-US\",\"url\":\"https:\/\/acm-aerospace.com\/wp-content\/uploads\/2019\/11\/LOGO_ACM.png\",\"width\":340,\"height\":120,\"caption\":\"ACM Aerospace\"},\"image\":{\"@id\":\"https:\/\/acm-aerospace.com\/#logo\"}},{\"@type\":\"WebSite\",\"@id\":\"https:\/\/acm-aerospace.com\/#website\",\"url\":\"https:\/\/acm-aerospace.com\/\",\"name\":\"ACM Aerospace\",\"description\":\"Made in Germany. Engineered for the Sky.\",\"publisher\":{\"@id\":\"https:\/\/acm-aerospace.com\/#organization\"},\"potentialAction\":[{\"@type\":\"SearchAction\",\"target\":\"https:\/\/acm-aerospace.com\/?s={search_term_string}\",\"query-input\":\"required name=search_term_string\"}],\"inLanguage\":\"en-US\"},{\"@type\":\"ImageObject\",\"@id\":\"https:\/\/acm-aerospace.com\/2025\/12\/21\/senserest-bringt-wellness-in-flugzeugkabinen\/#primaryimage\",\"inLanguage\":\"en-US\",\"url\":\"https:\/\/acm-aerospace.com\/wp-content\/uploads\/2025\/12\/acm_aerospace_senserest_mattress.png\",\"width\":1920,\"height\":1080},{\"@type\":\"WebPage\",\"@id\":\"https:\/\/acm-aerospace.com\/2025\/12\/21\/senserest-bringt-wellness-in-flugzeugkabinen\/#webpage\",\"url\":\"https:\/\/acm-aerospace.com\/2025\/12\/21\/senserest-bringt-wellness-in-flugzeugkabinen\/\",\"name\":\"senseRest bringt Wellness in Flugzeugkabinen | Aircraft Cabin Modification GmbH | ACM Aerospace\",\"isPartOf\":{\"@id\":\"https:\/\/acm-aerospace.com\/#website\"},\"primaryImageOfPage\":{\"@id\":\"https:\/\/acm-aerospace.com\/2025\/12\/21\/senserest-bringt-wellness-in-flugzeugkabinen\/#primaryimage\"},\"datePublished\":\"2025-12-21T10:47:43+00:00\",\"dateModified\":\"2026-04-13T09:17:58+00:00\",\"inLanguage\":\"en-US\",\"potentialAction\":[{\"@type\":\"ReadAction\",\"target\":[\"https:\/\/acm-aerospace.com\/2025\/12\/21\/senserest-bringt-wellness-in-flugzeugkabinen\/\"]}]},{\"@type\":\"Article\",\"@id\":\"https:\/\/acm-aerospace.com\/2025\/12\/21\/senserest-bringt-wellness-in-flugzeugkabinen\/#article\",\"isPartOf\":{\"@id\":\"https:\/\/acm-aerospace.com\/2025\/12\/21\/senserest-bringt-wellness-in-flugzeugkabinen\/#webpage\"},\"author\":{\"@id\":\"https:\/\/acm-aerospace.com\/#\/schema\/person\/4a5c4fc2afabd9ff01045302e0660ef4\"},\"headline\":\"senseRest bringt Wellness in Flugzeugkabinen\",\"datePublished\":\"2025-12-21T10:47:43+00:00\",\"dateModified\":\"2026-04-13T09:17:58+00:00\",\"mainEntityOfPage\":{\"@id\":\"https:\/\/acm-aerospace.com\/2025\/12\/21\/senserest-bringt-wellness-in-flugzeugkabinen\/#webpage\"},\"commentCount\":0,\"publisher\":{\"@id\":\"https:\/\/acm-aerospace.com\/#organization\"},\"image\":{\"@id\":\"https:\/\/acm-aerospace.com\/2025\/12\/21\/senserest-bringt-wellness-in-flugzeugkabinen\/#primaryimage\"},\"keywords\":\"rest,sense\",\"articleSection\":\"News\",\"inLanguage\":\"en-US\",\"potentialAction\":[{\"@type\":\"CommentAction\",\"name\":\"Comment\",\"target\":[\"https:\/\/acm-aerospace.com\/2025\/12\/21\/senserest-bringt-wellness-in-flugzeugkabinen\/#respond\"]}]},{\"@type\":\"Person\",\"@id\":\"https:\/\/acm-aerospace.com\/#\/schema\/person\/4a5c4fc2afabd9ff01045302e0660ef4\",\"name\":\"Roger Hohl\"}]}<\/script>\n<!-- \/ Yoast SEO Premium plugin. -->","_links":{"self":[{"href":"https:\/\/acm-aerospace.com\/en\/wp-json\/wp\/v2\/posts\/4653","targetHints":{"allow":["GET"]}}],"collection":[{"href":"https:\/\/acm-aerospace.com\/en\/wp-json\/wp\/v2\/posts"}],"about":[{"href":"https:\/\/acm-aerospace.com\/en\/wp-json\/wp\/v2\/types\/post"}],"author":[{"embeddable":true,"href":"https:\/\/acm-aerospace.com\/en\/wp-json\/wp\/v2\/users\/4"}],"replies":[{"embeddable":true,"href":"https:\/\/acm-aerospace.com\/en\/wp-json\/wp\/v2\/comments?post=4653"}],"version-history":[{"count":1,"href":"https:\/\/acm-aerospace.com\/en\/wp-json\/wp\/v2\/posts\/4653\/revisions"}],"predecessor-version":[{"id":4654,"href":"https:\/\/acm-aerospace.com\/en\/wp-json\/wp\/v2\/posts\/4653\/revisions\/4654"}],"wp:featuredmedia":[{"embeddable":true,"href":"https:\/\/acm-aerospace.com\/en\/wp-json\/wp\/v2\/media\/4648"}],"wp:attachment":[{"href":"https:\/\/acm-aerospace.com\/en\/wp-json\/wp\/v2\/media?parent=4653"}],"wp:term":[{"taxonomy":"category","embeddable":true,"href":"https:\/\/acm-aerospace.com\/en\/wp-json\/wp\/v2\/categories?post=4653"},{"taxonomy":"post_tag","embeddable":true,"href":"https:\/\/acm-aerospace.com\/en\/wp-json\/wp\/v2\/tags?post=4653"}],"curies":[{"name":"wp","href":"https:\/\/api.w.org\/{rel}","templated":true}]}}